{"id":1185,"date":"2025-06-27T19:14:55","date_gmt":"2025-06-27T19:14:55","guid":{"rendered":"https:\/\/www.circulatam.com\/?p=1185"},"modified":"2025-06-27T19:18:06","modified_gmt":"2025-06-27T19:18:06","slug":"la-moda-no-puede-continuar-siendo-una-amenaza-para-el-planeta","status":"publish","type":"post","link":"https:\/\/www.circulatam.com\/en\/la-moda-no-puede-continuar-siendo-una-amenaza-para-el-planeta\/","title":{"rendered":"La moda no puede continuar siendo una amenaza para el Planeta"},"content":{"rendered":"<p>Por Andrea Mejia Fajardo<\/p>\n\n\n\n<p>Muchas veces asociamos <em>la moda <\/em>con extravagancias como pasarelas, nuevas tendencias cada temporada e <em>influencers<\/em>. Par\u00eds Fashion Week parece m\u00e1s un encuentro de celebridades que la presentaci\u00f3n de una colecci\u00f3n.<\/p>\n\n\n\n<p>Pero hist\u00f3ricamente la demanda textil ha incentivado el intercambio comercial, siendo la m\u00e1s importante ruta la conocida como <em>Ruta de la Seda<\/em> (<a href=\"https:\/\/www.goodreads.com\/book\/show\/25812847-the-silk-roads\" target=\"_blank\" rel=\"noreferrer noopener\">a prop\u00f3sito, les recomiendo el libro de Peter Frankopan<\/a>) entre occidente y oriente, para algunos, el comienzo de la globalizaci\u00f3n.<\/p>\n\n\n\n<p>Incluso para algunos historiadores, el telar mec\u00e1nico, inventado en el siglo XVIII, es considerado el inici\u00f3 de la primera revoluci\u00f3n industrial, y la m\u00e1quina de coser a mediados del XIX dio paso a una industria crucial para la econom\u00eda y el desarrollo global.<\/p>\n\n\n\n<h2 class=\"wp-block-heading\"><strong><em>La democratizaci\u00f3n de la moda, \u00bfa qu\u00e9 costo?<\/em><\/strong><\/h2>\n\n\n\n<p>Pero un crecimiento acelerado en las \u00faltimas d\u00e9cadas del sector moda y el uso intensivo de recursos naturalesha generado graves impactos ambientales y sociales.<\/p>\n\n\n\n<p>Este aumento se debe principalmente a dos factores: 1) procesos de transformaci\u00f3n empresarial en la producci\u00f3n textil, confecci\u00f3n de bajo costo y r\u00e1pidos tiempos de entrega \u2013 <em>(ultra)<\/em> <em>fast fashion<\/em> &#8211; y 2) al crecimiento de la poblaci\u00f3n, en especial en econom\u00edas emergentes de Europa Occidental y Asia.<\/p>\n\n\n\n<p>Gran parte de la producci\u00f3n global del sector moda &#8211; m\u00e1s del 55.4% en el 2016 &#8211; se concentra en Asia debido al bajo costo de mano de obra y pocas regulaciones ambientales y laborales. La industria textil-confecci\u00f3n representa en Bangladesh el 81% de sus ingresos de exportaci\u00f3n.<\/p>\n\n\n\n<p>La combinaci\u00f3n de estos factores y el deseo de compra han llevado a la moda a convertirse en una industria billonaria. Seg\u00fan Business Wire, en el 2018, el mercado global de prendas de vestir alcanz\u00f3 unos $758.4 mil millones de d\u00f3lares con una tasa de crecimiento anual de 7.5% desde el 2014 y en el 2017, el Pulse of Fashion Report proyect\u00f3 un crecimiento de la industria de un 63% para el 2030 sobre los 62 millones de toneladas consumidas en ese a\u00f1o.<\/p>\n\n\n\n<p><em>\u00bfQu\u00e9 significa esto en t\u00e9rminos ambientales<\/em>? El sector textil-confecci\u00f3n produce un estimado de 1.2 mil millones de toneladas de CO<sub>2<\/sub> al a\u00f1o, cifra mayor a las emisiones liberadas por vuelos internacionales y env\u00edos mar\u00edtimos en conjunto, causando un impacto en la huella de carbono cercana al emitido por la Uni\u00f3n Europea.<\/p>\n\n\n\n<p>A esto se suma un consumo de agua estimado en unos 93 mil millones de metros c\u00fabicos anuales, gran parte destinados al cultivo de algod\u00f3n. En su mayor\u00eda, estos son sembrados con semillas gen\u00e9ticamente modificadas, demandando enormes cantidades de pesticidas y fertilizantes. Vandana Shiva, activista ambiental, los llama \u201c<em>narc\u00f3ticos ecol\u00f3gicos: cuanto m\u00e1s se usan, m\u00e1s se necesitan<\/em>\u201d.<\/p>\n\n\n\n<p>El recurrente uso de telas sint\u00e9ticas como el poli\u00e9ster a base de <em>polyethylene terephthalate<\/em> (PET), material usado en botellas pl\u00e1sticas, tambi\u00e9n aportan al bajo precio. Estas fibras contaminan el medioambiente por medio de miles de millones de micropart\u00edculas pl\u00e1sticas liberadas a lo largo de la cadena productiva. Estas, no solo llegan a suelos y r\u00edos, sino a los pulmones de trabajadores de plantas textiles y confecci\u00f3n afectando su salud.<\/p>\n\n\n\n<p>Aunque las fibras sint\u00e9ticas tienen un menor impacto sobre el agua y la tierra comparadas al algod\u00f3n, emiten mayores gases de efecto invernadero por kilo. A esto se suman sustancias qu\u00edmicas perjudiciales para la salud y la naturaleza empleados en procesos de te\u00f1ido y acabados.<\/p>\n\n\n\n<h2 class=\"wp-block-heading\"><strong><em>El sector moda en Colombia<\/em><\/strong><\/h2>\n\n\n\n<p>En Colombia, el sector textil-confecci\u00f3n fue uno de los sectores econ\u00f3micos m\u00e1s fuertes con un significativo papel en el desarrollo industrial-manufacturero de la econom\u00eda colombiana durante el siglo XX.<\/p>\n\n\n\n<p>A inicios de los setenta, la industria represent\u00f3 cerca del 3.5% de la producci\u00f3n manufacturera nacional, en parte, gracias a los aranceles sobre la importaci\u00f3n de textiles. Sin embargo, la apertura econ\u00f3mica en Colombia afect\u00f3 de forma directa al sector, y empresas como Coltejer, Fabricato y Confecciones Colombia debieron acogerse a la Ley 550, mientras otras quebraron. La industria manufacturera, dentro de la cual se encuentra el sector textil-confecci\u00f3n, pas\u00f3 de generar el 20.1% del PIB en 1991 al 10.9% en el 2017, seg\u00fan datos del DANE.<\/p>\n\n\n\n<p>En el 2018, el Sistema moda export\u00f3 US $ 743\u2019314.000 (prendas de vestir, textiles y materias primas). Con la llegada de marcas como Zara en el 2007 y H&amp;M en el 2017, el pa\u00eds ha incrementado el consumo de <em>moda r\u00e1pida<\/em> siguiendo los pasos de una econom\u00eda lineal: producci\u00f3n \u2013 uso \u2013 desecho, generando un impacto ambiental en el pa\u00eds a\u00fan no estudiado. Ahora, nos enfrentamos al comercio electr\u00f3nico de Shein y Temu.<\/p>\n\n\n\n<p>La crisis clim\u00e1tica y el malestar social a nivel global hacen pertinente una reflexi\u00f3n sobre un cambio estructural del modelo de negocio del sector moda. Para lograrlo, es importante pensar c\u00f3mo incluir el desarrollo sostenible (ambiental, social, econ\u00f3mico y cultural) en los modelos de negocios incluyendo din\u00e1micas de econom\u00eda circular a lo largo de la cadena productiva.<\/p>\n\n\n\n<p><\/p>","protected":false},"excerpt":{"rendered":"<p>Por Andrea Mejia Fajardo Muchas veces asociamos la moda con extravagancias como pasarelas, nuevas tendencias cada temporada e influencers. Par\u00eds Fashion Week parece m\u00e1s un encuentro de celebridades que la presentaci\u00f3n de una colecci\u00f3n. Pero hist\u00f3ricamente la demanda textil ha incentivado el intercambio comercial, siendo la m\u00e1s importante ruta la conocida como Ruta de la [&hellip;]<\/p>","protected":false},"author":3,"featured_media":1186,"comment_status":"open","ping_status":"open","sticky":false,"template":"","format":"standard","meta":{"footnotes":""},"categories":[1],"tags":[11,14,15,10,13],"class_list":["post-1185","post","type-post","status-publish","format-standard","has-post-thumbnail","hentry","category-uncategorized","tag-desarrollo-sostenible","tag-economia-circular","tag-emisiones-de-carbono","tag-fast-fashion","tag-moda"],"yoast_head":"<!-- This site is optimized with the Yoast SEO plugin v24.7 - https:\/\/yoast.com\/wordpress\/plugins\/seo\/ -->\n<title>La moda no puede continuar siendo una amenaza para el Planeta - Circulatam<\/title>\n<meta name=\"robots\" content=\"index, follow, max-snippet:-1, max-image-preview:large, max-video-preview:-1\" \/>\n<link rel=\"canonical\" href=\"https:\/\/www.circulatam.com\/en\/la-moda-no-puede-continuar-siendo-una-amenaza-para-el-planeta\/\" \/>\n<meta property=\"og:locale\" content=\"en_US\" \/>\n<meta property=\"og:type\" content=\"article\" \/>\n<meta property=\"og:title\" content=\"La moda no puede continuar siendo una amenaza para el Planeta - Circulatam\" \/>\n<meta property=\"og:description\" content=\"Por Andrea Mejia Fajardo Muchas veces asociamos la moda con extravagancias como pasarelas, nuevas tendencias cada temporada e influencers. Par\u00eds Fashion Week parece m\u00e1s un encuentro de celebridades que la presentaci\u00f3n de una colecci\u00f3n. Pero hist\u00f3ricamente la demanda textil ha incentivado el intercambio comercial, siendo la m\u00e1s importante ruta la conocida como Ruta de la [&hellip;]\" \/>\n<meta property=\"og:url\" content=\"https:\/\/www.circulatam.com\/en\/la-moda-no-puede-continuar-siendo-una-amenaza-para-el-planeta\/\" \/>\n<meta property=\"og:site_name\" content=\"Circulatam\" \/>\n<meta property=\"article:published_time\" content=\"2025-06-27T19:14:55+00:00\" \/>\n<meta property=\"article:modified_time\" content=\"2025-06-27T19:18:06+00:00\" \/>\n<meta property=\"og:image\" content=\"https:\/\/www.circulatam.com\/wp-content\/uploads\/2025\/06\/graficos-circulatam-2-1024x576.png\" \/>\n\t<meta property=\"og:image:width\" content=\"1024\" \/>\n\t<meta property=\"og:image:height\" content=\"576\" \/>\n\t<meta property=\"og:image:type\" content=\"image\/png\" \/>\n<meta name=\"author\" content=\"Andrea\" \/>\n<meta name=\"twitter:card\" content=\"summary_large_image\" \/>\n<meta name=\"twitter:label1\" content=\"Written by\" \/>\n\t<meta name=\"twitter:data1\" content=\"Andrea\" \/>\n\t<meta name=\"twitter:label2\" content=\"Est. reading time\" \/>\n\t<meta name=\"twitter:data2\" content=\"4 minutes\" \/>\n<script type=\"application\/ld+json\" class=\"yoast-schema-graph\">{\"@context\":\"https:\/\/schema.org\",\"@graph\":[{\"@type\":\"Article\",\"@id\":\"https:\/\/www.circulatam.com\/la-moda-no-puede-continuar-siendo-una-amenaza-para-el-planeta\/#article\",\"isPartOf\":{\"@id\":\"https:\/\/www.circulatam.com\/la-moda-no-puede-continuar-siendo-una-amenaza-para-el-planeta\/\"},\"author\":{\"name\":\"Andrea\",\"@id\":\"https:\/\/www.circulatam.com\/#\/schema\/person\/99462425cf46ca5d5a63da72787ac6be\"},\"headline\":\"La moda no puede continuar siendo una amenaza para el Planeta\",\"datePublished\":\"2025-06-27T19:14:55+00:00\",\"dateModified\":\"2025-06-27T19:18:06+00:00\",\"mainEntityOfPage\":{\"@id\":\"https:\/\/www.circulatam.com\/la-moda-no-puede-continuar-siendo-una-amenaza-para-el-planeta\/\"},\"wordCount\":863,\"commentCount\":0,\"publisher\":{\"@id\":\"https:\/\/www.circulatam.com\/#organization\"},\"image\":{\"@id\":\"https:\/\/www.circulatam.com\/la-moda-no-puede-continuar-siendo-una-amenaza-para-el-planeta\/#primaryimage\"},\"thumbnailUrl\":\"https:\/\/www.circulatam.com\/wp-content\/uploads\/2025\/06\/graficos-circulatam-2.png\",\"keywords\":[\"desarrollo sostenible\",\"economia circular\",\"emisiones de carbono\",\"fast fashion\",\"moda\"],\"inLanguage\":\"en-US\",\"potentialAction\":[{\"@type\":\"CommentAction\",\"name\":\"Comment\",\"target\":[\"https:\/\/www.circulatam.com\/la-moda-no-puede-continuar-siendo-una-amenaza-para-el-planeta\/#respond\"]}]},{\"@type\":\"WebPage\",\"@id\":\"https:\/\/www.circulatam.com\/la-moda-no-puede-continuar-siendo-una-amenaza-para-el-planeta\/\",\"url\":\"https:\/\/www.circulatam.com\/la-moda-no-puede-continuar-siendo-una-amenaza-para-el-planeta\/\",\"name\":\"La moda no puede continuar siendo una amenaza para el Planeta - Circulatam\",\"isPartOf\":{\"@id\":\"https:\/\/www.circulatam.com\/#website\"},\"primaryImageOfPage\":{\"@id\":\"https:\/\/www.circulatam.com\/la-moda-no-puede-continuar-siendo-una-amenaza-para-el-planeta\/#primaryimage\"},\"image\":{\"@id\":\"https:\/\/www.circulatam.com\/la-moda-no-puede-continuar-siendo-una-amenaza-para-el-planeta\/#primaryimage\"},\"thumbnailUrl\":\"https:\/\/www.circulatam.com\/wp-content\/uploads\/2025\/06\/graficos-circulatam-2.png\",\"datePublished\":\"2025-06-27T19:14:55+00:00\",\"dateModified\":\"2025-06-27T19:18:06+00:00\",\"breadcrumb\":{\"@id\":\"https:\/\/www.circulatam.com\/la-moda-no-puede-continuar-siendo-una-amenaza-para-el-planeta\/#breadcrumb\"},\"inLanguage\":\"en-US\",\"potentialAction\":[{\"@type\":\"ReadAction\",\"target\":[\"https:\/\/www.circulatam.com\/la-moda-no-puede-continuar-siendo-una-amenaza-para-el-planeta\/\"]}]},{\"@type\":\"ImageObject\",\"inLanguage\":\"en-US\",\"@id\":\"https:\/\/www.circulatam.com\/la-moda-no-puede-continuar-siendo-una-amenaza-para-el-planeta\/#primaryimage\",\"url\":\"https:\/\/www.circulatam.com\/wp-content\/uploads\/2025\/06\/graficos-circulatam-2.png\",\"contentUrl\":\"https:\/\/www.circulatam.com\/wp-content\/uploads\/2025\/06\/graficos-circulatam-2.png\",\"width\":1920,\"height\":1080},{\"@type\":\"BreadcrumbList\",\"@id\":\"https:\/\/www.circulatam.com\/la-moda-no-puede-continuar-siendo-una-amenaza-para-el-planeta\/#breadcrumb\",\"itemListElement\":[{\"@type\":\"ListItem\",\"position\":1,\"name\":\"Portada\",\"item\":\"https:\/\/www.circulatam.com\/\"},{\"@type\":\"ListItem\",\"position\":2,\"name\":\"La moda no puede continuar siendo una amenaza para el Planeta\"}]},{\"@type\":\"WebSite\",\"@id\":\"https:\/\/www.circulatam.com\/#website\",\"url\":\"https:\/\/www.circulatam.com\/\",\"name\":\"Circulatam\",\"description\":\"\",\"publisher\":{\"@id\":\"https:\/\/www.circulatam.com\/#organization\"},\"potentialAction\":[{\"@type\":\"SearchAction\",\"target\":{\"@type\":\"EntryPoint\",\"urlTemplate\":\"https:\/\/www.circulatam.com\/?s={search_term_string}\"},\"query-input\":{\"@type\":\"PropertyValueSpecification\",\"valueRequired\":true,\"valueName\":\"search_term_string\"}}],\"inLanguage\":\"en-US\"},{\"@type\":\"Organization\",\"@id\":\"https:\/\/www.circulatam.com\/#organization\",\"name\":\"Circulatam\",\"url\":\"https:\/\/www.circulatam.com\/\",\"logo\":{\"@type\":\"ImageObject\",\"inLanguage\":\"en-US\",\"@id\":\"https:\/\/www.circulatam.com\/#\/schema\/logo\/image\/\",\"url\":\"https:\/\/www.circulatam.com\/wp-content\/uploads\/2025\/03\/logo-circulatam-azul.png\",\"contentUrl\":\"https:\/\/www.circulatam.com\/wp-content\/uploads\/2025\/03\/logo-circulatam-azul.png\",\"width\":308,\"height\":109,\"caption\":\"Circulatam\"},\"image\":{\"@id\":\"https:\/\/www.circulatam.com\/#\/schema\/logo\/image\/\"}},{\"@type\":\"Person\",\"@id\":\"https:\/\/www.circulatam.com\/#\/schema\/person\/99462425cf46ca5d5a63da72787ac6be\",\"name\":\"Andrea\",\"image\":{\"@type\":\"ImageObject\",\"inLanguage\":\"en-US\",\"@id\":\"https:\/\/www.circulatam.com\/#\/schema\/person\/image\/\",\"url\":\"https:\/\/secure.gravatar.com\/avatar\/79e5f3bc07feb2576a4013ccaca318e96c76e5d9cda8ef5c7c8a8c91c69df980?s=96&d=mm&r=g\",\"contentUrl\":\"https:\/\/secure.gravatar.com\/avatar\/79e5f3bc07feb2576a4013ccaca318e96c76e5d9cda8ef5c7c8a8c91c69df980?s=96&d=mm&r=g\",\"caption\":\"Andrea\"},\"url\":\"https:\/\/www.circulatam.com\/en\/author\/andrea\/\"}]}<\/script>\n<!-- \/ Yoast SEO plugin. -->","yoast_head_json":{"title":"La moda no puede continuar siendo una amenaza para el Planeta - Circulatam","robots":{"index":"index","follow":"follow","max-snippet":"max-snippet:-1","max-image-preview":"max-image-preview:large","max-video-preview":"max-video-preview:-1"},"canonical":"https:\/\/www.circulatam.com\/en\/la-moda-no-puede-continuar-siendo-una-amenaza-para-el-planeta\/","og_locale":"en_US","og_type":"article","og_title":"La moda no puede continuar siendo una amenaza para el Planeta - Circulatam","og_description":"Por Andrea Mejia Fajardo Muchas veces asociamos la moda con extravagancias como pasarelas, nuevas tendencias cada temporada e influencers. Par\u00eds Fashion Week parece m\u00e1s un encuentro de celebridades que la presentaci\u00f3n de una colecci\u00f3n. Pero hist\u00f3ricamente la demanda textil ha incentivado el intercambio comercial, siendo la m\u00e1s importante ruta la conocida como Ruta de la [&hellip;]","og_url":"https:\/\/www.circulatam.com\/en\/la-moda-no-puede-continuar-siendo-una-amenaza-para-el-planeta\/","og_site_name":"Circulatam","article_published_time":"2025-06-27T19:14:55+00:00","article_modified_time":"2025-06-27T19:18:06+00:00","og_image":[{"width":1024,"height":576,"url":"https:\/\/www.circulatam.com\/wp-content\/uploads\/2025\/06\/graficos-circulatam-2-1024x576.png","type":"image\/png"}],"author":"Andrea","twitter_card":"summary_large_image","twitter_misc":{"Written by":"Andrea","Est. reading time":"4 minutes"},"schema":{"@context":"https:\/\/schema.org","@graph":[{"@type":"Article","@id":"https:\/\/www.circulatam.com\/la-moda-no-puede-continuar-siendo-una-amenaza-para-el-planeta\/#article","isPartOf":{"@id":"https:\/\/www.circulatam.com\/la-moda-no-puede-continuar-siendo-una-amenaza-para-el-planeta\/"},"author":{"name":"Andrea","@id":"https:\/\/www.circulatam.com\/#\/schema\/person\/99462425cf46ca5d5a63da72787ac6be"},"headline":"La moda no puede continuar siendo una amenaza para el Planeta","datePublished":"2025-06-27T19:14:55+00:00","dateModified":"2025-06-27T19:18:06+00:00","mainEntityOfPage":{"@id":"https:\/\/www.circulatam.com\/la-moda-no-puede-continuar-siendo-una-amenaza-para-el-planeta\/"},"wordCount":863,"commentCount":0,"publisher":{"@id":"https:\/\/www.circulatam.com\/#organization"},"image":{"@id":"https:\/\/www.circulatam.com\/la-moda-no-puede-continuar-siendo-una-amenaza-para-el-planeta\/#primaryimage"},"thumbnailUrl":"https:\/\/www.circulatam.com\/wp-content\/uploads\/2025\/06\/graficos-circulatam-2.png","keywords":["desarrollo sostenible","economia circular","emisiones de carbono","fast fashion","moda"],"inLanguage":"en-US","potentialAction":[{"@type":"CommentAction","name":"Comment","target":["https:\/\/www.circulatam.com\/la-moda-no-puede-continuar-siendo-una-amenaza-para-el-planeta\/#respond"]}]},{"@type":"WebPage","@id":"https:\/\/www.circulatam.com\/la-moda-no-puede-continuar-siendo-una-amenaza-para-el-planeta\/","url":"https:\/\/www.circulatam.com\/la-moda-no-puede-continuar-siendo-una-amenaza-para-el-planeta\/","name":"La moda no puede continuar siendo una amenaza para el Planeta - Circulatam","isPartOf":{"@id":"https:\/\/www.circulatam.com\/#website"},"primaryImageOfPage":{"@id":"https:\/\/www.circulatam.com\/la-moda-no-puede-continuar-siendo-una-amenaza-para-el-planeta\/#primaryimage"},"image":{"@id":"https:\/\/www.circulatam.com\/la-moda-no-puede-continuar-siendo-una-amenaza-para-el-planeta\/#primaryimage"},"thumbnailUrl":"https:\/\/www.circulatam.com\/wp-content\/uploads\/2025\/06\/graficos-circulatam-2.png","datePublished":"2025-06-27T19:14:55+00:00","dateModified":"2025-06-27T19:18:06+00:00","breadcrumb":{"@id":"https:\/\/www.circulatam.com\/la-moda-no-puede-continuar-siendo-una-amenaza-para-el-planeta\/#breadcrumb"},"inLanguage":"en-US","potentialAction":[{"@type":"ReadAction","target":["https:\/\/www.circulatam.com\/la-moda-no-puede-continuar-siendo-una-amenaza-para-el-planeta\/"]}]},{"@type":"ImageObject","inLanguage":"en-US","@id":"https:\/\/www.circulatam.com\/la-moda-no-puede-continuar-siendo-una-amenaza-para-el-planeta\/#primaryimage","url":"https:\/\/www.circulatam.com\/wp-content\/uploads\/2025\/06\/graficos-circulatam-2.png","contentUrl":"https:\/\/www.circulatam.com\/wp-content\/uploads\/2025\/06\/graficos-circulatam-2.png","width":1920,"height":1080},{"@type":"BreadcrumbList","@id":"https:\/\/www.circulatam.com\/la-moda-no-puede-continuar-siendo-una-amenaza-para-el-planeta\/#breadcrumb","itemListElement":[{"@type":"ListItem","position":1,"name":"Portada","item":"https:\/\/www.circulatam.com\/"},{"@type":"ListItem","position":2,"name":"La moda no puede continuar siendo una amenaza para el Planeta"}]},{"@type":"WebSite","@id":"https:\/\/www.circulatam.com\/#website","url":"https:\/\/www.circulatam.com\/","name":"Circulatam","description":"","publisher":{"@id":"https:\/\/www.circulatam.com\/#organization"},"potentialAction":[{"@type":"SearchAction","target":{"@type":"EntryPoint","urlTemplate":"https:\/\/www.circulatam.com\/?s={search_term_string}"},"query-input":{"@type":"PropertyValueSpecification","valueRequired":true,"valueName":"search_term_string"}}],"inLanguage":"en-US"},{"@type":"Organization","@id":"https:\/\/www.circulatam.com\/#organization","name":"Circulatam","url":"https:\/\/www.circulatam.com\/","logo":{"@type":"ImageObject","inLanguage":"en-US","@id":"https:\/\/www.circulatam.com\/#\/schema\/logo\/image\/","url":"https:\/\/www.circulatam.com\/wp-content\/uploads\/2025\/03\/logo-circulatam-azul.png","contentUrl":"https:\/\/www.circulatam.com\/wp-content\/uploads\/2025\/03\/logo-circulatam-azul.png","width":308,"height":109,"caption":"Circulatam"},"image":{"@id":"https:\/\/www.circulatam.com\/#\/schema\/logo\/image\/"}},{"@type":"Person","@id":"https:\/\/www.circulatam.com\/#\/schema\/person\/99462425cf46ca5d5a63da72787ac6be","name":"Andrea","image":{"@type":"ImageObject","inLanguage":"en-US","@id":"https:\/\/www.circulatam.com\/#\/schema\/person\/image\/","url":"https:\/\/secure.gravatar.com\/avatar\/79e5f3bc07feb2576a4013ccaca318e96c76e5d9cda8ef5c7c8a8c91c69df980?s=96&d=mm&r=g","contentUrl":"https:\/\/secure.gravatar.com\/avatar\/79e5f3bc07feb2576a4013ccaca318e96c76e5d9cda8ef5c7c8a8c91c69df980?s=96&d=mm&r=g","caption":"Andrea"},"url":"https:\/\/www.circulatam.com\/en\/author\/andrea\/"}]}},"_links":{"self":[{"href":"https:\/\/www.circulatam.com\/en\/wp-json\/wp\/v2\/posts\/1185","targetHints":{"allow":["GET"]}}],"collection":[{"href":"https:\/\/www.circulatam.com\/en\/wp-json\/wp\/v2\/posts"}],"about":[{"href":"https:\/\/www.circulatam.com\/en\/wp-json\/wp\/v2\/types\/post"}],"author":[{"embeddable":true,"href":"https:\/\/www.circulatam.com\/en\/wp-json\/wp\/v2\/users\/3"}],"replies":[{"embeddable":true,"href":"https:\/\/www.circulatam.com\/en\/wp-json\/wp\/v2\/comments?post=1185"}],"version-history":[{"count":2,"href":"https:\/\/www.circulatam.com\/en\/wp-json\/wp\/v2\/posts\/1185\/revisions"}],"predecessor-version":[{"id":1189,"href":"https:\/\/www.circulatam.com\/en\/wp-json\/wp\/v2\/posts\/1185\/revisions\/1189"}],"wp:featuredmedia":[{"embeddable":true,"href":"https:\/\/www.circulatam.com\/en\/wp-json\/wp\/v2\/media\/1186"}],"wp:attachment":[{"href":"https:\/\/www.circulatam.com\/en\/wp-json\/wp\/v2\/media?parent=1185"}],"wp:term":[{"taxonomy":"category","embeddable":true,"href":"https:\/\/www.circulatam.com\/en\/wp-json\/wp\/v2\/categories?post=1185"},{"taxonomy":"post_tag","embeddable":true,"href":"https:\/\/www.circulatam.com\/en\/wp-json\/wp\/v2\/tags?post=1185"}],"curies":[{"name":"wp","href":"https:\/\/api.w.org\/{rel}","templated":true}]}}