{"id":1193,"date":"2025-08-25T14:41:51","date_gmt":"2025-08-25T14:41:51","guid":{"rendered":"https:\/\/www.circulatam.com\/?p=1193"},"modified":"2025-08-25T14:45:46","modified_gmt":"2025-08-25T14:45:46","slug":"regresar-a-nuestros-ancestros","status":"publish","type":"post","link":"https:\/\/www.circulatam.com\/en\/regresar-a-nuestros-ancestros\/","title":{"rendered":"Regresar a nuestros ancestros"},"content":{"rendered":"<figure class=\"wp-block-image size-large\"><img fetchpriority=\"high\" decoding=\"async\" width=\"1024\" height=\"576\" src=\"https:\/\/www.circulatam.com\/wp-content\/uploads\/2025\/08\/taller-colina-circular-1024x576.jpg\" alt=\"\" class=\"wp-image-1195\" srcset=\"https:\/\/www.circulatam.com\/wp-content\/uploads\/2025\/08\/taller-colina-circular-1024x576.jpg 1024w, https:\/\/www.circulatam.com\/wp-content\/uploads\/2025\/08\/taller-colina-circular-300x169.jpg 300w, https:\/\/www.circulatam.com\/wp-content\/uploads\/2025\/08\/taller-colina-circular-768x432.jpg 768w, https:\/\/www.circulatam.com\/wp-content\/uploads\/2025\/08\/taller-colina-circular-1536x864.jpg 1536w, https:\/\/www.circulatam.com\/wp-content\/uploads\/2025\/08\/taller-colina-circular-18x10.jpg 18w, https:\/\/www.circulatam.com\/wp-content\/uploads\/2025\/08\/taller-colina-circular.jpg 1920w\" sizes=\"(max-width: 1024px) 100vw, 1024px\" \/><\/figure>\n\n\n\n<p>La Sierra Nevada de Santa Marta no solo es territorio ancestral de arhuacos, kankuamos y wiwas, es un territorio donde las culturas ind\u00edgenas cultivan algod\u00f3n desde hace m\u00e1s de 1500 a\u00f1os. Incluso se tienen registros en los Andes peruanos y Ecuador de cultivos de algod\u00f3n de hace 3000 a\u00f1os.<\/p>\n\n\n\n<p>El siglo pasado Colombia entendi\u00f3 la oportunidad comercial de la siembra de algod\u00f3n y su transformaci\u00f3n en textiles, alcanzado en 1977 un total de 398 mil hect\u00e1reas cultivadas. Pero luego de la apertura econ\u00f3mica y la entrada al mercado de Asia, en especial de China, la producci\u00f3n comenz\u00f3 a disminuir.<\/p>\n\n\n\n<p>A esto se suma un deplorable rendimiento productivo en el campo colombiano debido a la falta de tecnolog\u00eda agraria y el incremento de la demanda de fibras sint\u00e9ticas, hoy, dominantes del mercado. En el 2023, Conalgod\u00f3n registr\u00f3 solo 12 mil hect\u00e1reas de cultivos de algod\u00f3n en Colombia.<\/p>\n\n\n\n<p>Antes de la pandemia, el Comit\u00e9 Consultivo Internacional del Algod\u00f3n anunci\u00f3 una disminuci\u00f3n en las existencias mundiales de algod\u00f3n, en parte, consecuencia de la crisis clim\u00e1tica y la cada vez m\u00e1s escasa disponibilidad de agua para los cultivos.<\/p>\n\n\n\n<h2 class=\"wp-block-heading\"><strong>Algod\u00f3n: oportunidad de agro y paz<\/strong><strong><\/strong><\/h2>\n\n\n\n<p>\u2018Fibras naturales ind\u00edgenas\u2019 busca potenciar el trabajo artesanal de los ind\u00edgenas arhuacos, kankuamos y wiwas desde el cultivo de algod\u00f3n hasta la manufactura de sus accesorios tradicionales con un enfoque de responsabilidad ambiental y social. &nbsp;<\/p>\n\n\n\n<p>Los ind\u00edgenas conservan una relaci\u00f3n de respeto por la tierra y por lo que esta nos brinda, para ellos, el cultivo de algod\u00f3n va m\u00e1s all\u00e1 de lo comercial, es una agricultura basada en la sostenibilidad cultural (conocimiento ancestral) con un componente espiritual de respeto por la tierra y sus frutos. Estos cultivos de algod\u00f3n se basan en pr\u00e1cticas de \u201c<a href=\"https:\/\/www.colombiaproductiva.com\/ptp-comunica\/noticias\/comunicadofibras\" target=\"_blank\" rel=\"noreferrer noopener\">uso de variedades nativas, sistemas agroecol\u00f3gicos y biofertilizantes que mejoran la calidad del suelo y reducen la dependencia de insumos qu\u00edmicos<\/a>.\u201d<\/p>\n\n\n\n<p>Este trabajo no solo permite fomentar un mercado artesanal dentro del segmente de moda sostenible, recupera pr\u00e1cticas ancestrales de siembra y procesamiento de las fibras naturales, algo que, en lo personal, me gustar\u00eda ver aplicado, junto con tecnolog\u00eda agropecuaria, en los cultivos de algod\u00f3n externos a la Sierra Nevada. Una manera de crear oportunidades de empleos verdes, mayor eficiencia en el campo y competitividad en un mercado global.<\/p>\n\n\n\n<p>Andr\u00e9s Berdugo (Q.E.P.D.), quien fue presidente de la liquidada empresa textil Coltejer, coment\u00f3 en el 2020, que gremios como Conalgodon y Diagonal estaban enfocando sus esfuerzos en c\u00f3mo mejorar la capacidad productiva, suplir la demanda nacional, ofrecer mejores precios y crear un ecosistema entre productores, agremiaciones y comercializadores. Las din\u00e1micas de cultivo y producci\u00f3n deben responder a las exigencias del mercado: fibras naturales, textiles sostenibles desde lo ambiental y social y circulares.<\/p>\n\n\n\n<p>La coyuntura pol\u00edtica, social y econ\u00f3mica en Colombia exige acciones concretas frente a las posibilidades agr\u00edcolas, una oportunidad para la sustituci\u00f3n de cultivos il\u00edcitos. Los gobiernos han mapeado zonas de conflicto con registros de cultivos de algod\u00f3n en el pasado y en 2020, el Ministerio de Agricultura y Desarrollo Rural anunci\u00f3 una inversi\u00f3n por $3.250 millones para incentivar su comercializaci\u00f3n y siembra.<\/p>\n\n\n\n<p>Esto requiere acciones en alianza con gobiernos locales y campesinos para implementar una siembra responsable, mayor tecnificaci\u00f3n y formaci\u00f3n en una agricultura pensada desde la bioeconom\u00eda circular y certificaciones internacionales como <em>Better Cotton Initiative, <\/em>algo en lo que la ANDI, Colombia Productiva y Procolombia han trabajado. Lillyana Mejia, consultora en sostenibilidad, opina que estos cultivos requieren adem\u00e1s pol\u00edticas de estado sistem\u00e1ticas y comprometidas para solucionar problemas sociales y de violencia presentes en el territorio.<\/p>\n\n\n\n<p>Una empresa y marca de moda que pueda trazar toda su cadena productiva, el uso de materias primas circulares y responsables con el medio ambiente garantizando \u00f3ptimas condiciones laborales, entrar\u00eda en un mercado de valor agregado en crecimiento.<\/p>\n\n\n\n<h2 class=\"wp-block-heading\"><strong>C\u00e1\u00f1amo<\/strong><strong><\/strong><\/h2>\n\n\n\n<p>Los textiles a base de c\u00e1\u00f1amo han tomado cada vez m\u00e1s relevancia en el sector moda. Esta planta, de la familia del cannabis, a diferencia del algod\u00f3n, no necesita pesticidas ni fertilizantes, es cosechada cada tres meses, cultivarla requiere menos de 2\/3 del agua e hilar un metro de tela necesita solo la mitad de la cantidad comparado con el algod\u00f3n, demandando una menor extensi\u00f3n de tierra para suplir las necesidades del mercado.<\/p>\n\n\n\n<p>El c\u00e1\u00f1amo nutre y limpia los suelos, siendo recomendable para recuperar o fortalecer el terreno para futuras siembras, como lo expone Carolina Yacelga, fundadora de Cannatex.<\/p>\n\n\n\n<p>El programa <em>Desarrollo productivo de las industrias del cannabis y el c\u00e1\u00f1amo<\/em> de Colombia Productiva en alianza con Biointropic y una inversi\u00f3n de $5.000 millones de pesos entendi\u00f3 el potencial del c\u00e1\u00f1amo en la producci\u00f3n de textiles y otros productos derivados de esta planta.<\/p>\n\n\n\n<p>FIBO Colombia, una de las empresas participantes, trabaja en el desarrollo de un prototipo textil en fibra de c\u00e1\u00f1amo, logrando textiles con una composici\u00f3n de 80% algod\u00f3n y 20% c\u00e1\u00f1amo y en 80% modal viscosa y 20% c\u00e1\u00f1amo. Con nuestro apoyo (<a href=\"https:\/\/www.instagram.com\/7191_clothing\/\" target=\"_blank\" rel=\"noreferrer noopener\">7 1 9 1<\/a> y Circulatam) dise\u00f1aremos, confeccionaremos y comercializaremos prendas en ambas composiciones.<\/p>\n\n\n\n<h2 class=\"wp-block-heading\"><strong>Un futuro agr\u00edcola sostenible<\/strong><\/h2>\n\n\n\n<p>Cultivar de forma regenerativa y desde una visi\u00f3n de econom\u00eda circular implica cambios estructurales en la siembra, control de plagas, cultura campesina, procesamiento y transformaci\u00f3n de la fibra en textiles y comercializaci\u00f3n final.<\/p>\n\n\n\n<p>Tambi\u00e9n requiere una cadena productiva con caracter\u00edsticas especiales: los cultivadores, el transporte, desmotadoras, hilander\u00edas y manufactura deben estar preparadas para ajustar sus modelos productivos a los requerimientos de las certificaciones internaciones, mientras dise\u00f1adores y marcas deber\u00e1n aplicar un dise\u00f1o circular en cada producto.<\/p>\n\n\n\n<p>Colombia es conocido en la industria de la moda gracias a nombres como Johana Ortiz y Boabab entre otros, empresas de paquete completo de marcas internacionales y al trabajo de Inexmoda, la C\u00e1mara de Comercio de Medell\u00edn y Colombia Productiva. Pero tambi\u00e9n tiene todo lo necesario para ser productor de algod\u00f3n y otras fibras naturales con fines textiles de forma responsable con el Planeta y las personas: fibras sostenibles heredadas de nuestros ancestros.<\/p>\n\n\n\n<p>El art\u00edculo original fue publicado en <a href=\"https:\/\/www.semana.com\/regresar-a-nuestros-ancestros-por-andrea-mejia\/292964\/\" target=\"_blank\" rel=\"noreferrer noopener\">Revista Semana<\/a> e hizo parte de mi tesis de maestr\u00eda.<\/p>\n\n\n\n<figure class=\"wp-block-gallery has-nested-images columns-default is-cropped wp-block-gallery-1 is-layout-flex wp-block-gallery-is-layout-flex\"><\/figure>","protected":false},"excerpt":{"rendered":"<p>La Sierra Nevada de Santa Marta no solo es territorio ancestral de arhuacos, kankuamos y wiwas, es un territorio donde las culturas ind\u00edgenas cultivan algod\u00f3n desde hace m\u00e1s de 1500 a\u00f1os. Incluso se tienen registros en los Andes peruanos y Ecuador de cultivos de algod\u00f3n de hace 3000 a\u00f1os. El siglo pasado Colombia entendi\u00f3 la [&hellip;]<\/p>","protected":false},"author":3,"featured_media":1195,"comment_status":"open","ping_status":"open","sticky":false,"template":"","format":"standard","meta":{"footnotes":""},"categories":[1],"tags":[],"class_list":["post-1193","post","type-post","status-publish","format-standard","has-post-thumbnail","hentry","category-uncategorized"],"yoast_head":"<!-- This site is optimized with the Yoast SEO plugin v24.7 - https:\/\/yoast.com\/wordpress\/plugins\/seo\/ -->\n<title>Regresar a nuestros ancestros - Circulatam<\/title>\n<meta name=\"robots\" content=\"index, follow, max-snippet:-1, max-image-preview:large, max-video-preview:-1\" \/>\n<link rel=\"canonical\" href=\"https:\/\/www.circulatam.com\/en\/regresar-a-nuestros-ancestros\/\" \/>\n<meta property=\"og:locale\" content=\"en_US\" \/>\n<meta property=\"og:type\" content=\"article\" \/>\n<meta property=\"og:title\" content=\"Regresar a nuestros ancestros - Circulatam\" \/>\n<meta property=\"og:description\" content=\"La Sierra Nevada de Santa Marta no solo es territorio ancestral de arhuacos, kankuamos y wiwas, es un territorio donde las culturas ind\u00edgenas cultivan algod\u00f3n desde hace m\u00e1s de 1500 a\u00f1os. Incluso se tienen registros en los Andes peruanos y Ecuador de cultivos de algod\u00f3n de hace 3000 a\u00f1os. El siglo pasado Colombia entendi\u00f3 la [&hellip;]\" \/>\n<meta property=\"og:url\" content=\"https:\/\/www.circulatam.com\/en\/regresar-a-nuestros-ancestros\/\" \/>\n<meta property=\"og:site_name\" content=\"Circulatam\" \/>\n<meta property=\"article:published_time\" content=\"2025-08-25T14:41:51+00:00\" \/>\n<meta property=\"article:modified_time\" content=\"2025-08-25T14:45:46+00:00\" \/>\n<meta property=\"og:image\" content=\"https:\/\/www.circulatam.com\/wp-content\/uploads\/2025\/08\/taller-colina-circular.jpg\" \/>\n\t<meta property=\"og:image:width\" content=\"1920\" \/>\n\t<meta property=\"og:image:height\" content=\"1080\" \/>\n\t<meta property=\"og:image:type\" content=\"image\/jpeg\" \/>\n<meta name=\"author\" content=\"Andrea\" \/>\n<meta name=\"twitter:card\" content=\"summary_large_image\" \/>\n<meta name=\"twitter:label1\" content=\"Written by\" \/>\n\t<meta name=\"twitter:data1\" content=\"Andrea\" \/>\n\t<meta name=\"twitter:label2\" content=\"Est. reading time\" \/>\n\t<meta name=\"twitter:data2\" content=\"5 minutes\" \/>\n<script type=\"application\/ld+json\" class=\"yoast-schema-graph\">{\"@context\":\"https:\/\/schema.org\",\"@graph\":[{\"@type\":\"Article\",\"@id\":\"https:\/\/www.circulatam.com\/regresar-a-nuestros-ancestros\/#article\",\"isPartOf\":{\"@id\":\"https:\/\/www.circulatam.com\/regresar-a-nuestros-ancestros\/\"},\"author\":{\"name\":\"Andrea\",\"@id\":\"https:\/\/www.circulatam.com\/#\/schema\/person\/99462425cf46ca5d5a63da72787ac6be\"},\"headline\":\"Regresar a nuestros ancestros\",\"datePublished\":\"2025-08-25T14:41:51+00:00\",\"dateModified\":\"2025-08-25T14:45:46+00:00\",\"mainEntityOfPage\":{\"@id\":\"https:\/\/www.circulatam.com\/regresar-a-nuestros-ancestros\/\"},\"wordCount\":1067,\"commentCount\":0,\"publisher\":{\"@id\":\"https:\/\/www.circulatam.com\/#organization\"},\"image\":{\"@id\":\"https:\/\/www.circulatam.com\/regresar-a-nuestros-ancestros\/#primaryimage\"},\"thumbnailUrl\":\"https:\/\/www.circulatam.com\/wp-content\/uploads\/2025\/08\/taller-colina-circular.jpg\",\"inLanguage\":\"en-US\",\"potentialAction\":[{\"@type\":\"CommentAction\",\"name\":\"Comment\",\"target\":[\"https:\/\/www.circulatam.com\/regresar-a-nuestros-ancestros\/#respond\"]}]},{\"@type\":\"WebPage\",\"@id\":\"https:\/\/www.circulatam.com\/regresar-a-nuestros-ancestros\/\",\"url\":\"https:\/\/www.circulatam.com\/regresar-a-nuestros-ancestros\/\",\"name\":\"Regresar a nuestros ancestros - Circulatam\",\"isPartOf\":{\"@id\":\"https:\/\/www.circulatam.com\/#website\"},\"primaryImageOfPage\":{\"@id\":\"https:\/\/www.circulatam.com\/regresar-a-nuestros-ancestros\/#primaryimage\"},\"image\":{\"@id\":\"https:\/\/www.circulatam.com\/regresar-a-nuestros-ancestros\/#primaryimage\"},\"thumbnailUrl\":\"https:\/\/www.circulatam.com\/wp-content\/uploads\/2025\/08\/taller-colina-circular.jpg\",\"datePublished\":\"2025-08-25T14:41:51+00:00\",\"dateModified\":\"2025-08-25T14:45:46+00:00\",\"breadcrumb\":{\"@id\":\"https:\/\/www.circulatam.com\/regresar-a-nuestros-ancestros\/#breadcrumb\"},\"inLanguage\":\"en-US\",\"potentialAction\":[{\"@type\":\"ReadAction\",\"target\":[\"https:\/\/www.circulatam.com\/regresar-a-nuestros-ancestros\/\"]}]},{\"@type\":\"ImageObject\",\"inLanguage\":\"en-US\",\"@id\":\"https:\/\/www.circulatam.com\/regresar-a-nuestros-ancestros\/#primaryimage\",\"url\":\"https:\/\/www.circulatam.com\/wp-content\/uploads\/2025\/08\/taller-colina-circular.jpg\",\"contentUrl\":\"https:\/\/www.circulatam.com\/wp-content\/uploads\/2025\/08\/taller-colina-circular.jpg\",\"width\":1920,\"height\":1080},{\"@type\":\"BreadcrumbList\",\"@id\":\"https:\/\/www.circulatam.com\/regresar-a-nuestros-ancestros\/#breadcrumb\",\"itemListElement\":[{\"@type\":\"ListItem\",\"position\":1,\"name\":\"Portada\",\"item\":\"https:\/\/www.circulatam.com\/\"},{\"@type\":\"ListItem\",\"position\":2,\"name\":\"Regresar a nuestros ancestros\"}]},{\"@type\":\"WebSite\",\"@id\":\"https:\/\/www.circulatam.com\/#website\",\"url\":\"https:\/\/www.circulatam.com\/\",\"name\":\"Circulatam\",\"description\":\"\",\"publisher\":{\"@id\":\"https:\/\/www.circulatam.com\/#organization\"},\"potentialAction\":[{\"@type\":\"SearchAction\",\"target\":{\"@type\":\"EntryPoint\",\"urlTemplate\":\"https:\/\/www.circulatam.com\/?s={search_term_string}\"},\"query-input\":{\"@type\":\"PropertyValueSpecification\",\"valueRequired\":true,\"valueName\":\"search_term_string\"}}],\"inLanguage\":\"en-US\"},{\"@type\":\"Organization\",\"@id\":\"https:\/\/www.circulatam.com\/#organization\",\"name\":\"Circulatam\",\"url\":\"https:\/\/www.circulatam.com\/\",\"logo\":{\"@type\":\"ImageObject\",\"inLanguage\":\"en-US\",\"@id\":\"https:\/\/www.circulatam.com\/#\/schema\/logo\/image\/\",\"url\":\"https:\/\/www.circulatam.com\/wp-content\/uploads\/2025\/03\/logo-circulatam-azul.png\",\"contentUrl\":\"https:\/\/www.circulatam.com\/wp-content\/uploads\/2025\/03\/logo-circulatam-azul.png\",\"width\":308,\"height\":109,\"caption\":\"Circulatam\"},\"image\":{\"@id\":\"https:\/\/www.circulatam.com\/#\/schema\/logo\/image\/\"}},{\"@type\":\"Person\",\"@id\":\"https:\/\/www.circulatam.com\/#\/schema\/person\/99462425cf46ca5d5a63da72787ac6be\",\"name\":\"Andrea\",\"image\":{\"@type\":\"ImageObject\",\"inLanguage\":\"en-US\",\"@id\":\"https:\/\/www.circulatam.com\/#\/schema\/person\/image\/\",\"url\":\"https:\/\/secure.gravatar.com\/avatar\/79e5f3bc07feb2576a4013ccaca318e96c76e5d9cda8ef5c7c8a8c91c69df980?s=96&d=mm&r=g\",\"contentUrl\":\"https:\/\/secure.gravatar.com\/avatar\/79e5f3bc07feb2576a4013ccaca318e96c76e5d9cda8ef5c7c8a8c91c69df980?s=96&d=mm&r=g\",\"caption\":\"Andrea\"},\"url\":\"https:\/\/www.circulatam.com\/en\/author\/andrea\/\"}]}<\/script>\n<!-- \/ Yoast SEO plugin. -->","yoast_head_json":{"title":"Regresar a nuestros ancestros - Circulatam","robots":{"index":"index","follow":"follow","max-snippet":"max-snippet:-1","max-image-preview":"max-image-preview:large","max-video-preview":"max-video-preview:-1"},"canonical":"https:\/\/www.circulatam.com\/en\/regresar-a-nuestros-ancestros\/","og_locale":"en_US","og_type":"article","og_title":"Regresar a nuestros ancestros - Circulatam","og_description":"La Sierra Nevada de Santa Marta no solo es territorio ancestral de arhuacos, kankuamos y wiwas, es un territorio donde las culturas ind\u00edgenas cultivan algod\u00f3n desde hace m\u00e1s de 1500 a\u00f1os. Incluso se tienen registros en los Andes peruanos y Ecuador de cultivos de algod\u00f3n de hace 3000 a\u00f1os. El siglo pasado Colombia entendi\u00f3 la [&hellip;]","og_url":"https:\/\/www.circulatam.com\/en\/regresar-a-nuestros-ancestros\/","og_site_name":"Circulatam","article_published_time":"2025-08-25T14:41:51+00:00","article_modified_time":"2025-08-25T14:45:46+00:00","og_image":[{"width":1920,"height":1080,"url":"https:\/\/www.circulatam.com\/wp-content\/uploads\/2025\/08\/taller-colina-circular.jpg","type":"image\/jpeg"}],"author":"Andrea","twitter_card":"summary_large_image","twitter_misc":{"Written by":"Andrea","Est. reading time":"5 minutes"},"schema":{"@context":"https:\/\/schema.org","@graph":[{"@type":"Article","@id":"https:\/\/www.circulatam.com\/regresar-a-nuestros-ancestros\/#article","isPartOf":{"@id":"https:\/\/www.circulatam.com\/regresar-a-nuestros-ancestros\/"},"author":{"name":"Andrea","@id":"https:\/\/www.circulatam.com\/#\/schema\/person\/99462425cf46ca5d5a63da72787ac6be"},"headline":"Regresar a nuestros ancestros","datePublished":"2025-08-25T14:41:51+00:00","dateModified":"2025-08-25T14:45:46+00:00","mainEntityOfPage":{"@id":"https:\/\/www.circulatam.com\/regresar-a-nuestros-ancestros\/"},"wordCount":1067,"commentCount":0,"publisher":{"@id":"https:\/\/www.circulatam.com\/#organization"},"image":{"@id":"https:\/\/www.circulatam.com\/regresar-a-nuestros-ancestros\/#primaryimage"},"thumbnailUrl":"https:\/\/www.circulatam.com\/wp-content\/uploads\/2025\/08\/taller-colina-circular.jpg","inLanguage":"en-US","potentialAction":[{"@type":"CommentAction","name":"Comment","target":["https:\/\/www.circulatam.com\/regresar-a-nuestros-ancestros\/#respond"]}]},{"@type":"WebPage","@id":"https:\/\/www.circulatam.com\/regresar-a-nuestros-ancestros\/","url":"https:\/\/www.circulatam.com\/regresar-a-nuestros-ancestros\/","name":"Regresar a nuestros ancestros - Circulatam","isPartOf":{"@id":"https:\/\/www.circulatam.com\/#website"},"primaryImageOfPage":{"@id":"https:\/\/www.circulatam.com\/regresar-a-nuestros-ancestros\/#primaryimage"},"image":{"@id":"https:\/\/www.circulatam.com\/regresar-a-nuestros-ancestros\/#primaryimage"},"thumbnailUrl":"https:\/\/www.circulatam.com\/wp-content\/uploads\/2025\/08\/taller-colina-circular.jpg","datePublished":"2025-08-25T14:41:51+00:00","dateModified":"2025-08-25T14:45:46+00:00","breadcrumb":{"@id":"https:\/\/www.circulatam.com\/regresar-a-nuestros-ancestros\/#breadcrumb"},"inLanguage":"en-US","potentialAction":[{"@type":"ReadAction","target":["https:\/\/www.circulatam.com\/regresar-a-nuestros-ancestros\/"]}]},{"@type":"ImageObject","inLanguage":"en-US","@id":"https:\/\/www.circulatam.com\/regresar-a-nuestros-ancestros\/#primaryimage","url":"https:\/\/www.circulatam.com\/wp-content\/uploads\/2025\/08\/taller-colina-circular.jpg","contentUrl":"https:\/\/www.circulatam.com\/wp-content\/uploads\/2025\/08\/taller-colina-circular.jpg","width":1920,"height":1080},{"@type":"BreadcrumbList","@id":"https:\/\/www.circulatam.com\/regresar-a-nuestros-ancestros\/#breadcrumb","itemListElement":[{"@type":"ListItem","position":1,"name":"Portada","item":"https:\/\/www.circulatam.com\/"},{"@type":"ListItem","position":2,"name":"Regresar a nuestros ancestros"}]},{"@type":"WebSite","@id":"https:\/\/www.circulatam.com\/#website","url":"https:\/\/www.circulatam.com\/","name":"Circulatam","description":"","publisher":{"@id":"https:\/\/www.circulatam.com\/#organization"},"potentialAction":[{"@type":"SearchAction","target":{"@type":"EntryPoint","urlTemplate":"https:\/\/www.circulatam.com\/?s={search_term_string}"},"query-input":{"@type":"PropertyValueSpecification","valueRequired":true,"valueName":"search_term_string"}}],"inLanguage":"en-US"},{"@type":"Organization","@id":"https:\/\/www.circulatam.com\/#organization","name":"Circulatam","url":"https:\/\/www.circulatam.com\/","logo":{"@type":"ImageObject","inLanguage":"en-US","@id":"https:\/\/www.circulatam.com\/#\/schema\/logo\/image\/","url":"https:\/\/www.circulatam.com\/wp-content\/uploads\/2025\/03\/logo-circulatam-azul.png","contentUrl":"https:\/\/www.circulatam.com\/wp-content\/uploads\/2025\/03\/logo-circulatam-azul.png","width":308,"height":109,"caption":"Circulatam"},"image":{"@id":"https:\/\/www.circulatam.com\/#\/schema\/logo\/image\/"}},{"@type":"Person","@id":"https:\/\/www.circulatam.com\/#\/schema\/person\/99462425cf46ca5d5a63da72787ac6be","name":"Andrea","image":{"@type":"ImageObject","inLanguage":"en-US","@id":"https:\/\/www.circulatam.com\/#\/schema\/person\/image\/","url":"https:\/\/secure.gravatar.com\/avatar\/79e5f3bc07feb2576a4013ccaca318e96c76e5d9cda8ef5c7c8a8c91c69df980?s=96&d=mm&r=g","contentUrl":"https:\/\/secure.gravatar.com\/avatar\/79e5f3bc07feb2576a4013ccaca318e96c76e5d9cda8ef5c7c8a8c91c69df980?s=96&d=mm&r=g","caption":"Andrea"},"url":"https:\/\/www.circulatam.com\/en\/author\/andrea\/"}]}},"_links":{"self":[{"href":"https:\/\/www.circulatam.com\/en\/wp-json\/wp\/v2\/posts\/1193","targetHints":{"allow":["GET"]}}],"collection":[{"href":"https:\/\/www.circulatam.com\/en\/wp-json\/wp\/v2\/posts"}],"about":[{"href":"https:\/\/www.circulatam.com\/en\/wp-json\/wp\/v2\/types\/post"}],"author":[{"embeddable":true,"href":"https:\/\/www.circulatam.com\/en\/wp-json\/wp\/v2\/users\/3"}],"replies":[{"embeddable":true,"href":"https:\/\/www.circulatam.com\/en\/wp-json\/wp\/v2\/comments?post=1193"}],"version-history":[{"count":2,"href":"https:\/\/www.circulatam.com\/en\/wp-json\/wp\/v2\/posts\/1193\/revisions"}],"predecessor-version":[{"id":1197,"href":"https:\/\/www.circulatam.com\/en\/wp-json\/wp\/v2\/posts\/1193\/revisions\/1197"}],"wp:featuredmedia":[{"embeddable":true,"href":"https:\/\/www.circulatam.com\/en\/wp-json\/wp\/v2\/media\/1195"}],"wp:attachment":[{"href":"https:\/\/www.circulatam.com\/en\/wp-json\/wp\/v2\/media?parent=1193"}],"wp:term":[{"taxonomy":"category","embeddable":true,"href":"https:\/\/www.circulatam.com\/en\/wp-json\/wp\/v2\/categories?post=1193"},{"taxonomy":"post_tag","embeddable":true,"href":"https:\/\/www.circulatam.com\/en\/wp-json\/wp\/v2\/tags?post=1193"}],"curies":[{"name":"wp","href":"https:\/\/api.w.org\/{rel}","templated":true}]}}