{"id":731,"date":"2025-03-26T18:13:08","date_gmt":"2025-03-26T18:13:08","guid":{"rendered":"https:\/\/www.circulatam.com\/?p=731"},"modified":"2025-05-28T17:42:38","modified_gmt":"2025-05-28T17:42:38","slug":"un-futuro-circular","status":"publish","type":"post","link":"https:\/\/www.circulatam.com\/en\/un-futuro-circular\/","title":{"rendered":"Nuevas iniciativas de moda circular deben tambi\u00e9n pensar en el cierre del ciclo"},"content":{"rendered":"<p>Por Andrea Mejia Fajardo<\/p>\n\n\n\n<p>A 2012 Greenpeace study presented alarming figures: in 2010, 13.1 million tons of textiles were discarded in the United States alone: 5.3% of total municipal waste.<\/p>\n\n\n\n<p>The 2017 Pulse of Fashion Report estimated that global Fashion System waste will grow by about 60% between 2015 and 2030, generating an additional 57 million tons of waste annually, to reach about 17.5 kilos&nbsp;<em>per capita<\/em>.<\/p>\n\n\n\n<p>In Colombia there is an incentive to donate what we no longer use, but this action only extends the useful life of the product, but does not solve the problem.&nbsp;<em>Where do the garments end?&nbsp;<\/em>In landfills, rivers, seas and forests, causing further environmental contamination.<\/p>\n\n\n\n<p>Textile waste is a global issue that requires initiatives from brands, but also public policies to prevent companies from continuing to incinerate unsold inventory. In 2017, the English brand Burberry burned handbags, clothing and perfumes estimated at a value of 28.6 million pounds to avoid being sold at a lower price or stolen. Globally, only 20% of apparel is collected for reuse or recycling.<\/p>\n\n\n\n<p>Otro desaf\u00edo es el manejo de residuos textiles sobrantes de la producci\u00f3n. Empresas como Nike o Fabricato trabajan en la b\u00fasqueda de alternativas para usar materiales recuperados de las l\u00edneas de producci\u00f3n y con estos crear nuevos productos sostenibles.<\/p>\n\n\n\n<h2 class=\"wp-block-heading\"><strong>Can fashion close the cycle?<\/strong><\/h2>\n\n\n\n<p>Some entrepreneurs have sought new forms of productions, such as&nbsp;<em>ethics&nbsp;<\/em>through organic or sustainably produced textiles and raw materials, less water- and energy-intensive manufacturing, living wages and incentives to improve the social situation of workers. According to Ethical Consumer's report, the market value of&nbsp;<em>ethical garments&nbsp;<\/em>had an increase of 19.9% in 2018 in the UK, evidencing a challenging social and economic trend versus traditional production.<\/p>\n\n\n\n<p>But&nbsp;<em>Are garments produced under sustainable and ethical standards sufficient to meet the challenges of the sector?&nbsp;<\/em>La econom\u00eda circular propone un modelo donde los residuos son reintegrados al sistema para ser aprovechados como nuevas materias primas. En otras palabras, en una econom\u00eda circular no existe el concepto de desecho, porque se crea un sistema basado en la reutilizaci\u00f3n, reparaci\u00f3n y reciclaje, para generar riqueza a partir de recursos ya existentes en el ciclo productivo.<\/p>\n\n\n\n<p>For Kerli Kant Hvass, a PhD. researcher at the&nbsp;<a href=\"https:\/\/www.sei.org\/\">Stockholm Environment Institute<\/a>In his opinion, continuing with a traditional business model is unfeasible, due to the depletion of natural resources and the increase in population. Kant Hvass believes that, although a few years ago the topic of discussion was sustainability in the sector, its cycle ended in the stores, but&nbsp;<em>what happens to the product after consumption ends?<\/em>&nbsp;In circularity it is important to analyze and understand the whole process of a product: from the design -materials, form of production, use- to what happens at the end.<\/p>\n\n\n\n<p>Archivist, an English brand, acquired 200 kilos of Egyptian cotton sheets from a luxury hotel in London, which were to be discarded due to minor imperfections. The brand's founders saw these as the raw material for their men's and women's shirts.<\/p>\n\n\n\n<p>La marca danesa de ropa infantil Vigga, tiene un modelo por suscripci\u00f3n: los padres pagan un valor mensual y reciben un paquete con prendas confeccionadas en telas org\u00e1nicas. Cuando los peque\u00f1os necesitan una talla m\u00e1s grande, los padres devuelven las prendas y reciben un nuevo paquete. Una vez Vigga recibe el vestuario usado, bajo exigentes est\u00e1ndares de limpieza, las prendas son enviadas a una nueva familia.<\/p>\n\n\n\n<h2 class=\"wp-block-heading\"><strong>A circular innovation<\/strong><\/h2>\n\n\n\n<p>Circularity is a frequently discussed topic, but it still requires new technologies and materials, major changes and intersectoral collaborations, an innovative, efficient and competitive production system with better environmental practices, a transformation in the creative conception of each garment, as well as changes in the culture and mentality of brands and consumers.<\/p>\n\n\n\n<p>Colombia necesita avanzar y fortalecer la innovaci\u00f3n e implementaci\u00f3n de tecnolog\u00edas con procesos m\u00e1s limpios con el fin de incentivar el re\u00faso de materias primas y disminuir la generaci\u00f3n de residuos textiles. Se estima que el sector de la moda en el pa\u00eds podr\u00eda reusar el 53% del desecho textil, pero, hasta el 2018, solo se tiene constancia del re\u00faso del 5%.<\/p>\n\n\n\n<p>Algunos han puesto su esperanza en el Ministerio de Ciencia, Tecnolog\u00eda e Innovaci\u00f3n, antes Colciencias, pero para Ricardo Mej\u00eda, gerente de SALADEJUNTAS, un ministerio no hace al empresariado m\u00e1s innovador; es el sector privado quien debe tomar el liderazgo de estudiar nuevas f\u00f3rmulas y mecanismos, mientras el Gobierno establece pol\u00edticas para promover y facilitar la innovaci\u00f3n.<\/p>\n\n\n\n<p>Y aunque los emprendimientos de moda circular a\u00fan son iniciativas no escaladas, se resalta el cada vez mayor inter\u00e9s de organizaciones como C\u00e1mara de Comercio de Medell\u00edn, Inexmoda, Comfama y Colombia Produtiva por fomentar la circularidad en el sector moda. <\/p>\n\n\n\n<p>El texto original fue publicado en <a href=\"https:\/\/www.semana.com\/empresas\/articulo\/un-futuro-circular-por-andrea-mejia-fajardo\/293550\/\" target=\"_blank\" rel=\"noreferrer noopener\">Revista Semana<\/a> y hace parte de la tesis&nbsp;<em>Policies for the sustainable development of the Fashion System in Colombia: opportunities in the value chain<\/em>&nbsp;(Universidad de los Andes) de Andrea Mejia Fajardo.<\/p>\n\n\n\n<p><\/p>","protected":false},"excerpt":{"rendered":"<p>Un estudio de Greenpeace del 2012 present\u00f3 cifras alarmantes<\/p>","protected":false},"author":1,"featured_media":1178,"comment_status":"open","ping_status":"open","sticky":false,"template":"","format":"standard","meta":{"footnotes":""},"categories":[1],"tags":[],"class_list":["post-731","post","type-post","status-publish","format-standard","has-post-thumbnail","hentry","category-uncategorized"],"yoast_head":"<!-- This site is optimized with the Yoast SEO plugin v24.7 - https:\/\/yoast.com\/wordpress\/plugins\/seo\/ -->\n<title>Un futuro circular | Circulatam<\/title>\n<meta name=\"description\" content=\"Construimos un futuro circular en Latinoam\u00e9rica con modelos sostenibles que regeneran recursos, impulsan innovaci\u00f3n y fortalecen comunidades.\" \/>\n<meta name=\"robots\" content=\"index, follow, max-snippet:-1, max-image-preview:large, max-video-preview:-1\" \/>\n<link rel=\"canonical\" href=\"https:\/\/www.circulatam.com\/en\/un-futuro-circular\/\" \/>\n<meta property=\"og:locale\" content=\"en_US\" \/>\n<meta property=\"og:type\" content=\"article\" \/>\n<meta property=\"og:title\" content=\"Un futuro circular | Circulatam\" \/>\n<meta property=\"og:description\" content=\"Construimos un futuro circular en Latinoam\u00e9rica con modelos sostenibles que regeneran recursos, impulsan innovaci\u00f3n y fortalecen comunidades.\" \/>\n<meta property=\"og:url\" content=\"https:\/\/www.circulatam.com\/en\/un-futuro-circular\/\" \/>\n<meta property=\"og:site_name\" content=\"Circulatam\" \/>\n<meta property=\"article:published_time\" content=\"2025-03-26T18:13:08+00:00\" \/>\n<meta property=\"article:modified_time\" content=\"2025-05-28T17:42:38+00:00\" \/>\n<meta property=\"og:image\" content=\"https:\/\/www.circulatam.com\/wp-content\/uploads\/2025\/03\/imagen-blog-502-x-285-px-1.png\" \/>\n\t<meta property=\"og:image:width\" content=\"502\" \/>\n\t<meta property=\"og:image:height\" content=\"285\" \/>\n\t<meta property=\"og:image:type\" content=\"image\/png\" \/>\n<meta name=\"author\" content=\"Juanpablo\" \/>\n<meta name=\"twitter:card\" content=\"summary_large_image\" \/>\n<meta name=\"twitter:label1\" content=\"Written by\" \/>\n\t<meta name=\"twitter:data1\" content=\"Juanpablo\" \/>\n\t<meta name=\"twitter:label2\" content=\"Est. reading time\" \/>\n\t<meta name=\"twitter:data2\" content=\"5 minutes\" \/>\n<script type=\"application\/ld+json\" class=\"yoast-schema-graph\">{\"@context\":\"https:\/\/schema.org\",\"@graph\":[{\"@type\":\"Article\",\"@id\":\"https:\/\/www.circulatam.com\/un-futuro-circular\/#article\",\"isPartOf\":{\"@id\":\"https:\/\/www.circulatam.com\/un-futuro-circular\/\"},\"author\":{\"name\":\"Juanpablo\",\"@id\":\"https:\/\/www.circulatam.com\/#\/schema\/person\/2ef16b51ff6f52d7dd42bb4efb9202d5\"},\"headline\":\"Nuevas iniciativas de moda circular deben tambi\u00e9n pensar en el cierre del ciclo\",\"datePublished\":\"2025-03-26T18:13:08+00:00\",\"dateModified\":\"2025-05-28T17:42:38+00:00\",\"mainEntityOfPage\":{\"@id\":\"https:\/\/www.circulatam.com\/un-futuro-circular\/\"},\"wordCount\":934,\"commentCount\":0,\"publisher\":{\"@id\":\"https:\/\/www.circulatam.com\/#organization\"},\"image\":{\"@id\":\"https:\/\/www.circulatam.com\/un-futuro-circular\/#primaryimage\"},\"thumbnailUrl\":\"https:\/\/www.circulatam.com\/wp-content\/uploads\/2025\/03\/imagen-blog-502-x-285-px-1.png\",\"inLanguage\":\"en-US\",\"potentialAction\":[{\"@type\":\"CommentAction\",\"name\":\"Comment\",\"target\":[\"https:\/\/www.circulatam.com\/un-futuro-circular\/#respond\"]}]},{\"@type\":\"WebPage\",\"@id\":\"https:\/\/www.circulatam.com\/un-futuro-circular\/\",\"url\":\"https:\/\/www.circulatam.com\/un-futuro-circular\/\",\"name\":\"Un futuro circular | Circulatam\",\"isPartOf\":{\"@id\":\"https:\/\/www.circulatam.com\/#website\"},\"primaryImageOfPage\":{\"@id\":\"https:\/\/www.circulatam.com\/un-futuro-circular\/#primaryimage\"},\"image\":{\"@id\":\"https:\/\/www.circulatam.com\/un-futuro-circular\/#primaryimage\"},\"thumbnailUrl\":\"https:\/\/www.circulatam.com\/wp-content\/uploads\/2025\/03\/imagen-blog-502-x-285-px-1.png\",\"datePublished\":\"2025-03-26T18:13:08+00:00\",\"dateModified\":\"2025-05-28T17:42:38+00:00\",\"description\":\"Construimos un futuro circular en Latinoam\u00e9rica con modelos sostenibles que regeneran recursos, impulsan innovaci\u00f3n y fortalecen comunidades.\",\"breadcrumb\":{\"@id\":\"https:\/\/www.circulatam.com\/un-futuro-circular\/#breadcrumb\"},\"inLanguage\":\"en-US\",\"potentialAction\":[{\"@type\":\"ReadAction\",\"target\":[\"https:\/\/www.circulatam.com\/un-futuro-circular\/\"]}]},{\"@type\":\"ImageObject\",\"inLanguage\":\"en-US\",\"@id\":\"https:\/\/www.circulatam.com\/un-futuro-circular\/#primaryimage\",\"url\":\"https:\/\/www.circulatam.com\/wp-content\/uploads\/2025\/03\/imagen-blog-502-x-285-px-1.png\",\"contentUrl\":\"https:\/\/www.circulatam.com\/wp-content\/uploads\/2025\/03\/imagen-blog-502-x-285-px-1.png\",\"width\":502,\"height\":285},{\"@type\":\"BreadcrumbList\",\"@id\":\"https:\/\/www.circulatam.com\/un-futuro-circular\/#breadcrumb\",\"itemListElement\":[{\"@type\":\"ListItem\",\"position\":1,\"name\":\"Portada\",\"item\":\"https:\/\/www.circulatam.com\/\"},{\"@type\":\"ListItem\",\"position\":2,\"name\":\"Nuevas iniciativas de moda circular deben tambi\u00e9n pensar en el cierre del ciclo\"}]},{\"@type\":\"WebSite\",\"@id\":\"https:\/\/www.circulatam.com\/#website\",\"url\":\"https:\/\/www.circulatam.com\/\",\"name\":\"Circulatam\",\"description\":\"\",\"publisher\":{\"@id\":\"https:\/\/www.circulatam.com\/#organization\"},\"potentialAction\":[{\"@type\":\"SearchAction\",\"target\":{\"@type\":\"EntryPoint\",\"urlTemplate\":\"https:\/\/www.circulatam.com\/?s={search_term_string}\"},\"query-input\":{\"@type\":\"PropertyValueSpecification\",\"valueRequired\":true,\"valueName\":\"search_term_string\"}}],\"inLanguage\":\"en-US\"},{\"@type\":\"Organization\",\"@id\":\"https:\/\/www.circulatam.com\/#organization\",\"name\":\"Circulatam\",\"url\":\"https:\/\/www.circulatam.com\/\",\"logo\":{\"@type\":\"ImageObject\",\"inLanguage\":\"en-US\",\"@id\":\"https:\/\/www.circulatam.com\/#\/schema\/logo\/image\/\",\"url\":\"https:\/\/www.circulatam.com\/wp-content\/uploads\/2025\/03\/logo-circulatam-azul.png\",\"contentUrl\":\"https:\/\/www.circulatam.com\/wp-content\/uploads\/2025\/03\/logo-circulatam-azul.png\",\"width\":308,\"height\":109,\"caption\":\"Circulatam\"},\"image\":{\"@id\":\"https:\/\/www.circulatam.com\/#\/schema\/logo\/image\/\"}},{\"@type\":\"Person\",\"@id\":\"https:\/\/www.circulatam.com\/#\/schema\/person\/2ef16b51ff6f52d7dd42bb4efb9202d5\",\"name\":\"Juanpablo\",\"image\":{\"@type\":\"ImageObject\",\"inLanguage\":\"en-US\",\"@id\":\"https:\/\/www.circulatam.com\/#\/schema\/person\/image\/\",\"url\":\"https:\/\/secure.gravatar.com\/avatar\/2ddc37aa39777cd39283a6348dd13ac82e14fc5001279e4e1466c9502584a7a7?s=96&d=mm&r=g\",\"contentUrl\":\"https:\/\/secure.gravatar.com\/avatar\/2ddc37aa39777cd39283a6348dd13ac82e14fc5001279e4e1466c9502584a7a7?s=96&d=mm&r=g\",\"caption\":\"Juanpablo\"},\"sameAs\":[\"https:\/\/www.circulatam.com\"],\"url\":\"https:\/\/www.circulatam.com\/en\/author\/juanpablo\/\"}]}<\/script>\n<!-- \/ Yoast SEO plugin. -->","yoast_head_json":{"title":"Un futuro circular | Circulatam","description":"Construimos un futuro circular en Latinoam\u00e9rica con modelos sostenibles que regeneran recursos, impulsan innovaci\u00f3n y fortalecen comunidades.","robots":{"index":"index","follow":"follow","max-snippet":"max-snippet:-1","max-image-preview":"max-image-preview:large","max-video-preview":"max-video-preview:-1"},"canonical":"https:\/\/www.circulatam.com\/en\/un-futuro-circular\/","og_locale":"en_US","og_type":"article","og_title":"Un futuro circular | Circulatam","og_description":"Construimos un futuro circular en Latinoam\u00e9rica con modelos sostenibles que regeneran recursos, impulsan innovaci\u00f3n y fortalecen comunidades.","og_url":"https:\/\/www.circulatam.com\/en\/un-futuro-circular\/","og_site_name":"Circulatam","article_published_time":"2025-03-26T18:13:08+00:00","article_modified_time":"2025-05-28T17:42:38+00:00","og_image":[{"width":502,"height":285,"url":"https:\/\/www.circulatam.com\/wp-content\/uploads\/2025\/03\/imagen-blog-502-x-285-px-1.png","type":"image\/png"}],"author":"Juanpablo","twitter_card":"summary_large_image","twitter_misc":{"Written by":"Juanpablo","Est. reading time":"5 minutes"},"schema":{"@context":"https:\/\/schema.org","@graph":[{"@type":"Article","@id":"https:\/\/www.circulatam.com\/un-futuro-circular\/#article","isPartOf":{"@id":"https:\/\/www.circulatam.com\/un-futuro-circular\/"},"author":{"name":"Juanpablo","@id":"https:\/\/www.circulatam.com\/#\/schema\/person\/2ef16b51ff6f52d7dd42bb4efb9202d5"},"headline":"Nuevas iniciativas de moda circular deben tambi\u00e9n pensar en el cierre del ciclo","datePublished":"2025-03-26T18:13:08+00:00","dateModified":"2025-05-28T17:42:38+00:00","mainEntityOfPage":{"@id":"https:\/\/www.circulatam.com\/un-futuro-circular\/"},"wordCount":934,"commentCount":0,"publisher":{"@id":"https:\/\/www.circulatam.com\/#organization"},"image":{"@id":"https:\/\/www.circulatam.com\/un-futuro-circular\/#primaryimage"},"thumbnailUrl":"https:\/\/www.circulatam.com\/wp-content\/uploads\/2025\/03\/imagen-blog-502-x-285-px-1.png","inLanguage":"en-US","potentialAction":[{"@type":"CommentAction","name":"Comment","target":["https:\/\/www.circulatam.com\/un-futuro-circular\/#respond"]}]},{"@type":"WebPage","@id":"https:\/\/www.circulatam.com\/un-futuro-circular\/","url":"https:\/\/www.circulatam.com\/un-futuro-circular\/","name":"Un futuro circular | Circulatam","isPartOf":{"@id":"https:\/\/www.circulatam.com\/#website"},"primaryImageOfPage":{"@id":"https:\/\/www.circulatam.com\/un-futuro-circular\/#primaryimage"},"image":{"@id":"https:\/\/www.circulatam.com\/un-futuro-circular\/#primaryimage"},"thumbnailUrl":"https:\/\/www.circulatam.com\/wp-content\/uploads\/2025\/03\/imagen-blog-502-x-285-px-1.png","datePublished":"2025-03-26T18:13:08+00:00","dateModified":"2025-05-28T17:42:38+00:00","description":"Construimos un futuro circular en Latinoam\u00e9rica con modelos sostenibles que regeneran recursos, impulsan innovaci\u00f3n y fortalecen comunidades.","breadcrumb":{"@id":"https:\/\/www.circulatam.com\/un-futuro-circular\/#breadcrumb"},"inLanguage":"en-US","potentialAction":[{"@type":"ReadAction","target":["https:\/\/www.circulatam.com\/un-futuro-circular\/"]}]},{"@type":"ImageObject","inLanguage":"en-US","@id":"https:\/\/www.circulatam.com\/un-futuro-circular\/#primaryimage","url":"https:\/\/www.circulatam.com\/wp-content\/uploads\/2025\/03\/imagen-blog-502-x-285-px-1.png","contentUrl":"https:\/\/www.circulatam.com\/wp-content\/uploads\/2025\/03\/imagen-blog-502-x-285-px-1.png","width":502,"height":285},{"@type":"BreadcrumbList","@id":"https:\/\/www.circulatam.com\/un-futuro-circular\/#breadcrumb","itemListElement":[{"@type":"ListItem","position":1,"name":"Portada","item":"https:\/\/www.circulatam.com\/"},{"@type":"ListItem","position":2,"name":"Nuevas iniciativas de moda circular deben tambi\u00e9n pensar en el cierre del ciclo"}]},{"@type":"WebSite","@id":"https:\/\/www.circulatam.com\/#website","url":"https:\/\/www.circulatam.com\/","name":"Circulatam","description":"","publisher":{"@id":"https:\/\/www.circulatam.com\/#organization"},"potentialAction":[{"@type":"SearchAction","target":{"@type":"EntryPoint","urlTemplate":"https:\/\/www.circulatam.com\/?s={search_term_string}"},"query-input":{"@type":"PropertyValueSpecification","valueRequired":true,"valueName":"search_term_string"}}],"inLanguage":"en-US"},{"@type":"Organization","@id":"https:\/\/www.circulatam.com\/#organization","name":"Circulatam","url":"https:\/\/www.circulatam.com\/","logo":{"@type":"ImageObject","inLanguage":"en-US","@id":"https:\/\/www.circulatam.com\/#\/schema\/logo\/image\/","url":"https:\/\/www.circulatam.com\/wp-content\/uploads\/2025\/03\/logo-circulatam-azul.png","contentUrl":"https:\/\/www.circulatam.com\/wp-content\/uploads\/2025\/03\/logo-circulatam-azul.png","width":308,"height":109,"caption":"Circulatam"},"image":{"@id":"https:\/\/www.circulatam.com\/#\/schema\/logo\/image\/"}},{"@type":"Person","@id":"https:\/\/www.circulatam.com\/#\/schema\/person\/2ef16b51ff6f52d7dd42bb4efb9202d5","name":"Juanpablo","image":{"@type":"ImageObject","inLanguage":"en-US","@id":"https:\/\/www.circulatam.com\/#\/schema\/person\/image\/","url":"https:\/\/secure.gravatar.com\/avatar\/2ddc37aa39777cd39283a6348dd13ac82e14fc5001279e4e1466c9502584a7a7?s=96&d=mm&r=g","contentUrl":"https:\/\/secure.gravatar.com\/avatar\/2ddc37aa39777cd39283a6348dd13ac82e14fc5001279e4e1466c9502584a7a7?s=96&d=mm&r=g","caption":"Juanpablo"},"sameAs":["https:\/\/www.circulatam.com"],"url":"https:\/\/www.circulatam.com\/en\/author\/juanpablo\/"}]}},"_links":{"self":[{"href":"https:\/\/www.circulatam.com\/en\/wp-json\/wp\/v2\/posts\/731","targetHints":{"allow":["GET"]}}],"collection":[{"href":"https:\/\/www.circulatam.com\/en\/wp-json\/wp\/v2\/posts"}],"about":[{"href":"https:\/\/www.circulatam.com\/en\/wp-json\/wp\/v2\/types\/post"}],"author":[{"embeddable":true,"href":"https:\/\/www.circulatam.com\/en\/wp-json\/wp\/v2\/users\/1"}],"replies":[{"embeddable":true,"href":"https:\/\/www.circulatam.com\/en\/wp-json\/wp\/v2\/comments?post=731"}],"version-history":[{"count":9,"href":"https:\/\/www.circulatam.com\/en\/wp-json\/wp\/v2\/posts\/731\/revisions"}],"predecessor-version":[{"id":1183,"href":"https:\/\/www.circulatam.com\/en\/wp-json\/wp\/v2\/posts\/731\/revisions\/1183"}],"wp:featuredmedia":[{"embeddable":true,"href":"https:\/\/www.circulatam.com\/en\/wp-json\/wp\/v2\/media\/1178"}],"wp:attachment":[{"href":"https:\/\/www.circulatam.com\/en\/wp-json\/wp\/v2\/media?parent=731"}],"wp:term":[{"taxonomy":"category","embeddable":true,"href":"https:\/\/www.circulatam.com\/en\/wp-json\/wp\/v2\/categories?post=731"},{"taxonomy":"post_tag","embeddable":true,"href":"https:\/\/www.circulatam.com\/en\/wp-json\/wp\/v2\/tags?post=731"}],"curies":[{"name":"wp","href":"https:\/\/api.w.org\/{rel}","templated":true}]}}